{"id":7393,"date":"2026-03-02T08:00:26","date_gmt":"2026-03-02T07:00:26","guid":{"rendered":"https:\/\/www.larmoiredebebe.com\/blog\/?p=7393"},"modified":"2026-03-18T11:44:31","modified_gmt":"2026-03-18T10:44:31","slug":"comment-bien-choisir-la-premiere-tenue-de-bebe-selon-la-saison","status":"publish","type":"post","link":"https:\/\/www.larmoiredebebe.com\/blog\/comment-bien-choisir-la-premiere-tenue-de-bebe-selon-la-saison\/","title":{"rendered":"Comment bien choisir la premi\u00e8re tenue de b\u00e9b\u00e9 selon la saison ?"},"content":{"rendered":"\n<p>L\u2019arriv\u00e9e de b\u00e9b\u00e9 approche et une question revient souvent chez les futurs parents : <strong>quelle sera sa toute premi\u00e8re tenue <\/strong>? Celle qu\u2019il portera \u00e0 la maternit\u00e9, peut-\u00eatre pour sa premi\u00e8re photo, et s\u00fbrement pour quitter l\u2019h\u00f4pital et d\u00e9couvrir le monde. Au-del\u00e0 de l\u2019enjeu \u00e9motionnel, le choix de la premi\u00e8re tenue est essentiel pour garantir le confort de b\u00e9b\u00e9.<br><br>Confort, mati\u00e8res, temp\u00e9rature\u2026 chaque d\u00e9tail compte pour envelopper b\u00e9b\u00e9 en douceur.<br><br>Voici quelques rep\u00e8res simples pour choisir la tenue id\u00e9ale selon la saison de naissance.<\/p>\n\n\n\n<h2 id=\"les-essentiels-a-privilegier-pour-une-premiere-tenue\" class=\"wp-block-heading\">Les essentiels \u00e0 privil\u00e9gier pour une premi\u00e8re tenue<\/h2>\n\n\n\n<p>Avant de penser \u00e0 la saison, certains crit\u00e8res restent incontournables pour garantir le bien-\u00eatre de votre nouveau-n\u00e9.<\/p>\n\n\n\n<h3 id=\"misez-sur-des-matieres-douces-et-naturelles\" class=\"wp-block-heading\">Misez sur des mati\u00e8res douces et naturelles<\/h3>\n\n\n\n<p>La peau d\u2019un nouveau-n\u00e9 est particuli\u00e8rement sensible. Pour \u00e9viter les irritations, privil\u00e9giez des <strong>mati\u00e8res naturelles et respirantes<\/strong>, comme le coton. Les v\u00eatements en coton sont confortables, doux et permettent de <strong>maintenir la temp\u00e9rature corporelle de b\u00e9b\u00e9<\/strong> sans provoquer de surchauffe.<\/p>\n\n\n\n<h3 id=\"une-tenue-facile-a-enfiler\" class=\"wp-block-heading\">Une tenue facile \u00e0 enfiler<\/h3>\n\n\n\n<p>Durant les premiers jours, b\u00e9b\u00e9 sera souvent manipul\u00e9 pour les soins ou les changes. Les <strong>bodies crois\u00e9s<\/strong>, les <strong>pyjamas avec ouverture sur le devant<\/strong> ou les <strong>pressions int\u00e9grales<\/strong> seront particuli\u00e8rement pratiques.<br><br>Ces syst\u00e8mes \u00e9vitent de trop manipuler b\u00e9b\u00e9 et simplifient le quotidien des jeunes parents.<\/p>\n\n\n\n<h3 id=\"des-vetements-confortables\" class=\"wp-block-heading\">Des v\u00eatements confortables<\/h3>\n\n\n\n<p>Privil\u00e9giez des <strong>coupes souples<\/strong> et des <strong>tissus doux <\/strong>qui permettront \u00e0 b\u00e9b\u00e9 de bouger librement tout en restant bien envelopp\u00e9.<br><br>\u00c9vitez les v\u00eatements trop serr\u00e9s ou comportant des coutures \u00e9paisses qui pourraient g\u00eaner votre tout-petit.<\/p>\n\n\n\n<h2 id=\"a-chaque-saison-sa-tenue\" class=\"wp-block-heading\">A chaque saison sa tenue<\/h2>\n\n\n\n<p>La saison de naissance influence naturellement le choix des v\u00eatements. L\u2019objectif reste toujours le m\u00eame : <strong>prot\u00e9ger b\u00e9b\u00e9 du froid ou de la chaleur tout en assurant son confort.<\/strong><\/p>\n\n\n\n<figure class=\"wp-block-gallery has-nested-images columns-default is-cropped wp-block-gallery-7 is-layout-flex wp-block-gallery-is-layout-flex\">\n<figure class=\"wp-block-image size-large\"><a href=\"https:\/\/www.larmoiredebebe.com\/fiche\/P202310260092.html\" target=\"_blank\" rel=\" noreferrer noopener\"><img loading=\"lazy\" decoding=\"async\" width=\"424\" height=\"424\" data-id=\"7399\" src=\"https:\/\/www.larmoiredebebe.com\/wp-content\/uploads\/2026\/03\/Choisir_la_premiere_tenue_de_bebe_selon_la_saison-3.jpg\" alt=\"\" class=\"wp-image-7399\" srcset=\"https:\/\/www.larmoiredebebe.com\/wp-content\/uploads\/2026\/03\/Choisir_la_premiere_tenue_de_bebe_selon_la_saison-3.jpg 424w, https:\/\/www.larmoiredebebe.com\/wp-content\/uploads\/2026\/03\/Choisir_la_premiere_tenue_de_bebe_selon_la_saison-3-300x300.jpg 300w, https:\/\/www.larmoiredebebe.com\/wp-content\/uploads\/2026\/03\/Choisir_la_premiere_tenue_de_bebe_selon_la_saison-3-150x150.jpg 150w, https:\/\/www.larmoiredebebe.com\/wp-content\/uploads\/2026\/03\/Choisir_la_premiere_tenue_de_bebe_selon_la_saison-3-80x80.jpg 80w, https:\/\/www.larmoiredebebe.com\/wp-content\/uploads\/2026\/03\/Choisir_la_premiere_tenue_de_bebe_selon_la_saison-3-100x100.jpg 100w, https:\/\/www.larmoiredebebe.com\/wp-content\/uploads\/2026\/03\/Choisir_la_premiere_tenue_de_bebe_selon_la_saison-3-416x416.jpg 416w\" sizes=\"auto, (max-width: 424px) 100vw, 424px\" \/><\/a><figcaption class=\"wp-element-caption\">Bonjour Little<br><a href=\"https:\/\/www.larmoiredebebe.com\/fiche\/P202310260092.html\" target=\"_blank\" rel=\"noreferrer noopener sponsored nofollow\">Combinaison B\u00e9b\u00e9 Jour et Nuit Velours Californian Poppy<\/a><\/figcaption><\/figure>\n\n\n\n<figure class=\"wp-block-image size-large\"><a href=\"https:\/\/www.larmoiredebebe.com\/vetement\/body-et-pyjama\/c7170\/+fb-C000037243.html\" target=\"_blank\" rel=\" noreferrer noopener\"><img loading=\"lazy\" decoding=\"async\" width=\"424\" height=\"424\" data-id=\"7397\" src=\"https:\/\/www.larmoiredebebe.com\/wp-content\/uploads\/2026\/03\/Choisir_la_premiere_tenue_de_bebe_selon_la_saison-2.jpg\" alt=\"\" class=\"wp-image-7397\" srcset=\"https:\/\/www.larmoiredebebe.com\/wp-content\/uploads\/2026\/03\/Choisir_la_premiere_tenue_de_bebe_selon_la_saison-2.jpg 424w, https:\/\/www.larmoiredebebe.com\/wp-content\/uploads\/2026\/03\/Choisir_la_premiere_tenue_de_bebe_selon_la_saison-2-300x300.jpg 300w, https:\/\/www.larmoiredebebe.com\/wp-content\/uploads\/2026\/03\/Choisir_la_premiere_tenue_de_bebe_selon_la_saison-2-150x150.jpg 150w, https:\/\/www.larmoiredebebe.com\/wp-content\/uploads\/2026\/03\/Choisir_la_premiere_tenue_de_bebe_selon_la_saison-2-80x80.jpg 80w, https:\/\/www.larmoiredebebe.com\/wp-content\/uploads\/2026\/03\/Choisir_la_premiere_tenue_de_bebe_selon_la_saison-2-100x100.jpg 100w, https:\/\/www.larmoiredebebe.com\/wp-content\/uploads\/2026\/03\/Choisir_la_premiere_tenue_de_bebe_selon_la_saison-2-416x416.jpg 416w\" sizes=\"auto, (max-width: 424px) 100vw, 424px\" \/><\/a><figcaption class=\"wp-element-caption\">Tartine et Chocolat<br><a href=\"https:\/\/www.larmoiredebebe.com\/vetement\/body-et-pyjama\/c7170\/+fb-C000037243.html\" target=\"_blank\" rel=\"noreferrer noopener sponsored nofollow\">Pyjama Toile de Jouy Gris<\/a><\/figcaption><\/figure>\n\n\n\n<figure class=\"wp-block-image size-large\"><a href=\"https:\/\/www.larmoiredebebe.com\/fiche\/P202502200140.html\" target=\"_blank\" rel=\" noreferrer noopener\"><img loading=\"lazy\" decoding=\"async\" width=\"424\" height=\"424\" data-id=\"7398\" src=\"https:\/\/www.larmoiredebebe.com\/wp-content\/uploads\/2026\/03\/Choisir_la_premiere_tenue_de_bebe_selon_la_saison-1.jpg\" alt=\"\" class=\"wp-image-7398\" srcset=\"https:\/\/www.larmoiredebebe.com\/wp-content\/uploads\/2026\/03\/Choisir_la_premiere_tenue_de_bebe_selon_la_saison-1.jpg 424w, https:\/\/www.larmoiredebebe.com\/wp-content\/uploads\/2026\/03\/Choisir_la_premiere_tenue_de_bebe_selon_la_saison-1-300x300.jpg 300w, https:\/\/www.larmoiredebebe.com\/wp-content\/uploads\/2026\/03\/Choisir_la_premiere_tenue_de_bebe_selon_la_saison-1-150x150.jpg 150w, https:\/\/www.larmoiredebebe.com\/wp-content\/uploads\/2026\/03\/Choisir_la_premiere_tenue_de_bebe_selon_la_saison-1-80x80.jpg 80w, https:\/\/www.larmoiredebebe.com\/wp-content\/uploads\/2026\/03\/Choisir_la_premiere_tenue_de_bebe_selon_la_saison-1-100x100.jpg 100w, https:\/\/www.larmoiredebebe.com\/wp-content\/uploads\/2026\/03\/Choisir_la_premiere_tenue_de_bebe_selon_la_saison-1-416x416.jpg 416w\" sizes=\"auto, (max-width: 424px) 100vw, 424px\" \/><\/a><figcaption class=\"wp-element-caption\">Jollein<br><a href=\"https:\/\/www.larmoiredebebe.com\/fiche\/P202502200140.html\" target=\"_blank\" rel=\"noreferrer noopener sponsored nofollow\">Gigoteuse Et\u00e9 Biscuit<\/a><\/figcaption><\/figure>\n<\/figure>\n\n\n\n<h3 id=\"une-premiere-tenue-pour-bebe-en-hiver\" class=\"wp-block-heading\">Une premi\u00e8re tenue pour b\u00e9b\u00e9 en hiver<\/h3>\n\n\n\n<p>En hiver, il est important de garder b\u00e9b\u00e9 bien au chaud, notamment lors de la sortie de la maternit\u00e9.<br><br>Une tenue adapt\u00e9e peut se composer de :<\/p>\n\n\n\n<ul class=\"wp-block-list\">\n<li>un <strong>body manches longues<\/strong><\/li>\n\n\n\n<li>un <strong>pyjama en velours<\/strong><\/li>\n\n\n\n<li>une <strong>paire de chaussettes ou de petits chaussons<\/strong><\/li>\n\n\n\n<li>un <strong>bonnet doux<\/strong><\/li>\n\n\n\n<li>un\u00a0<strong>gilet ou une combinaison pilote<\/strong> (pour la sortie de la maternit\u00e9)<\/li>\n<\/ul>\n\n\n\n<p>Les nouveau-n\u00e9s r\u00e9gulent encore mal leur temp\u00e9rature. Superposer plusieurs couches fines reste la meilleure solution pour adapter facilement la tenue si besoin.<\/p>\n\n\n\n<figure class=\"wp-block-gallery has-nested-images columns-default is-cropped wp-block-gallery-8 is-layout-flex wp-block-gallery-is-layout-flex\">\n<figure class=\"wp-block-image size-large\"><a href=\"https:\/\/www.larmoiredebebe.com\/vetement\/chaussons-et-chaussures\/c7171\/+fb-C000036686.html\" target=\"_blank\" rel=\" noreferrer noopener\"><img loading=\"lazy\" decoding=\"async\" width=\"424\" height=\"424\" data-id=\"7401\" src=\"https:\/\/www.larmoiredebebe.com\/wp-content\/uploads\/2026\/03\/Choisir_la_premiere_tenue_de_bebe_selon_la_saison-6.jpg\" alt=\"\" class=\"wp-image-7401\" srcset=\"https:\/\/www.larmoiredebebe.com\/wp-content\/uploads\/2026\/03\/Choisir_la_premiere_tenue_de_bebe_selon_la_saison-6.jpg 424w, https:\/\/www.larmoiredebebe.com\/wp-content\/uploads\/2026\/03\/Choisir_la_premiere_tenue_de_bebe_selon_la_saison-6-300x300.jpg 300w, https:\/\/www.larmoiredebebe.com\/wp-content\/uploads\/2026\/03\/Choisir_la_premiere_tenue_de_bebe_selon_la_saison-6-150x150.jpg 150w, https:\/\/www.larmoiredebebe.com\/wp-content\/uploads\/2026\/03\/Choisir_la_premiere_tenue_de_bebe_selon_la_saison-6-80x80.jpg 80w, https:\/\/www.larmoiredebebe.com\/wp-content\/uploads\/2026\/03\/Choisir_la_premiere_tenue_de_bebe_selon_la_saison-6-100x100.jpg 100w, https:\/\/www.larmoiredebebe.com\/wp-content\/uploads\/2026\/03\/Choisir_la_premiere_tenue_de_bebe_selon_la_saison-6-416x416.jpg 416w\" sizes=\"auto, (max-width: 424px) 100vw, 424px\" \/><\/a><figcaption class=\"wp-element-caption\">Quax<br><a href=\"https:\/\/www.larmoiredebebe.com\/vetement\/chaussons-et-chaussures\/c7171\/+fb-C000036686.html\" target=\"_blank\" rel=\"noreferrer noopener sponsored nofollow\">Chaussons Mini Merino<\/a><\/figcaption><\/figure>\n\n\n\n<figure class=\"wp-block-image size-large\"><a href=\"https:\/\/www.larmoiredebebe.com\/vetement\/body-et-pyjama\/c7170\/+fb-C000037250.html\" target=\"_blank\" rel=\" noreferrer noopener\"><img loading=\"lazy\" decoding=\"async\" width=\"424\" height=\"424\" data-id=\"7402\" src=\"https:\/\/www.larmoiredebebe.com\/wp-content\/uploads\/2026\/03\/Choisir_la_premiere_tenue_de_bebe_selon_la_saison-5.jpg\" alt=\"\" class=\"wp-image-7402\" srcset=\"https:\/\/www.larmoiredebebe.com\/wp-content\/uploads\/2026\/03\/Choisir_la_premiere_tenue_de_bebe_selon_la_saison-5.jpg 424w, https:\/\/www.larmoiredebebe.com\/wp-content\/uploads\/2026\/03\/Choisir_la_premiere_tenue_de_bebe_selon_la_saison-5-300x300.jpg 300w, https:\/\/www.larmoiredebebe.com\/wp-content\/uploads\/2026\/03\/Choisir_la_premiere_tenue_de_bebe_selon_la_saison-5-150x150.jpg 150w, https:\/\/www.larmoiredebebe.com\/wp-content\/uploads\/2026\/03\/Choisir_la_premiere_tenue_de_bebe_selon_la_saison-5-80x80.jpg 80w, https:\/\/www.larmoiredebebe.com\/wp-content\/uploads\/2026\/03\/Choisir_la_premiere_tenue_de_bebe_selon_la_saison-5-100x100.jpg 100w, https:\/\/www.larmoiredebebe.com\/wp-content\/uploads\/2026\/03\/Choisir_la_premiere_tenue_de_bebe_selon_la_saison-5-416x416.jpg 416w\" sizes=\"auto, (max-width: 424px) 100vw, 424px\" \/><\/a><figcaption class=\"wp-element-caption\">Bonjour Little<br><a href=\"https:\/\/www.larmoiredebebe.com\/vetement\/body-et-pyjama\/c7170\/+fb-C000037250.html\" target=\"_blank\" rel=\"noreferrer noopener sponsored nofollow\">Combinaison B\u00e9b\u00e9 Jour et Nuit<\/a><\/figcaption><\/figure>\n\n\n\n<figure class=\"wp-block-image size-large\"><a href=\"https:\/\/www.larmoiredebebe.com\/vetement\/accessoires-bebe\/c7620\/+fb-C000037250.html\" target=\"_blank\" rel=\" noreferrer noopener\"><img loading=\"lazy\" decoding=\"async\" width=\"424\" height=\"424\" data-id=\"7400\" src=\"https:\/\/www.larmoiredebebe.com\/wp-content\/uploads\/2026\/03\/Choisir_la_premiere_tenue_de_bebe_selon_la_saison-4.jpg\" alt=\"\" class=\"wp-image-7400\" srcset=\"https:\/\/www.larmoiredebebe.com\/wp-content\/uploads\/2026\/03\/Choisir_la_premiere_tenue_de_bebe_selon_la_saison-4.jpg 424w, https:\/\/www.larmoiredebebe.com\/wp-content\/uploads\/2026\/03\/Choisir_la_premiere_tenue_de_bebe_selon_la_saison-4-300x300.jpg 300w, https:\/\/www.larmoiredebebe.com\/wp-content\/uploads\/2026\/03\/Choisir_la_premiere_tenue_de_bebe_selon_la_saison-4-150x150.jpg 150w, https:\/\/www.larmoiredebebe.com\/wp-content\/uploads\/2026\/03\/Choisir_la_premiere_tenue_de_bebe_selon_la_saison-4-80x80.jpg 80w, https:\/\/www.larmoiredebebe.com\/wp-content\/uploads\/2026\/03\/Choisir_la_premiere_tenue_de_bebe_selon_la_saison-4-100x100.jpg 100w, https:\/\/www.larmoiredebebe.com\/wp-content\/uploads\/2026\/03\/Choisir_la_premiere_tenue_de_bebe_selon_la_saison-4-416x416.jpg 416w\" sizes=\"auto, (max-width: 424px) 100vw, 424px\" \/><\/a><figcaption class=\"wp-element-caption\">Bonjour Little<br><a href=\"https:\/\/www.larmoiredebebe.com\/vetement\/accessoires-bebe\/c7620\/+fb-C000037250.html\" target=\"_blank\" rel=\"noreferrer noopener sponsored nofollow\">Bonnet en Laine M\u00e9rinos<\/a><\/figcaption><\/figure>\n<\/figure>\n\n\n\n<h3 id=\"une-tenue-confortable-pour-une-naissance-au-printemps\" class=\"wp-block-heading\">Une tenue confortable pour une naissance au printemps<\/h3>\n\n\n\n<p>Au printemps, les temp\u00e9ratures peuvent varier au cours de la journ\u00e9e. L\u2019id\u00e9al est donc d\u2019opter pour une tenue modulable.<br><br>Pour cette saison impr\u00e9visible, la tenue de b\u00e9b\u00e9 peut se composer de\u00a0:<\/p>\n\n\n\n<ul class=\"wp-block-list\">\n<li>un <strong>body manches longues ou manches courtes selon la m\u00e9t\u00e9o<\/strong><\/li>\n\n\n\n<li>un <strong>pyjama l\u00e9ger en coton<\/strong><\/li>\n\n\n\n<li>un <strong>petit gilet ou cardigan<\/strong><\/li>\n\n\n\n<li>un <strong>bonnet l\u00e9ger pour la sortie<\/strong><\/li>\n<\/ul>\n\n\n\n<p>Les mati\u00e8res naturelles restent \u00e0 privil\u00e9gier pour garantir douceur et respirabilit\u00e9 et les superpositions de couches seront la meilleure solution pour ajuster la tenue selon la m\u00e9t\u00e9o.<\/p>\n\n\n\n<figure class=\"wp-block-gallery has-nested-images columns-default is-cropped wp-block-gallery-9 is-layout-flex wp-block-gallery-is-layout-flex\">\n<figure class=\"wp-block-image size-large\"><a href=\"https:\/\/www.larmoiredebebe.com\/vetement\/robe-et-combinaison\/c7621\/+fb-C000037272+fv1467-20612.html\" target=\"_blank\" rel=\" noreferrer noopener\"><img loading=\"lazy\" decoding=\"async\" width=\"424\" height=\"424\" data-id=\"7403\" src=\"https:\/\/www.larmoiredebebe.com\/wp-content\/uploads\/2026\/03\/Choisir_la_premiere_tenue_de_bebe_selon_la_saison-9.jpg\" alt=\"\" class=\"wp-image-7403\" srcset=\"https:\/\/www.larmoiredebebe.com\/wp-content\/uploads\/2026\/03\/Choisir_la_premiere_tenue_de_bebe_selon_la_saison-9.jpg 424w, https:\/\/www.larmoiredebebe.com\/wp-content\/uploads\/2026\/03\/Choisir_la_premiere_tenue_de_bebe_selon_la_saison-9-300x300.jpg 300w, https:\/\/www.larmoiredebebe.com\/wp-content\/uploads\/2026\/03\/Choisir_la_premiere_tenue_de_bebe_selon_la_saison-9-150x150.jpg 150w, https:\/\/www.larmoiredebebe.com\/wp-content\/uploads\/2026\/03\/Choisir_la_premiere_tenue_de_bebe_selon_la_saison-9-80x80.jpg 80w, https:\/\/www.larmoiredebebe.com\/wp-content\/uploads\/2026\/03\/Choisir_la_premiere_tenue_de_bebe_selon_la_saison-9-100x100.jpg 100w, https:\/\/www.larmoiredebebe.com\/wp-content\/uploads\/2026\/03\/Choisir_la_premiere_tenue_de_bebe_selon_la_saison-9-416x416.jpg 416w\" sizes=\"auto, (max-width: 424px) 100vw, 424px\" \/><\/a><figcaption class=\"wp-element-caption\">Konges Sl\u00f8jd<br><a href=\"https:\/\/www.larmoiredebebe.com\/vetement\/robe-et-combinaison\/c7621\/+fb-C000037272+fv1467-20612.html\" target=\"_blank\" rel=\"noreferrer noopener sponsored nofollow\">Cmbinaison Nouveau-n\u00e9<\/a><\/figcaption><\/figure>\n\n\n\n<figure class=\"wp-block-image size-large\"><a href=\"https:\/\/www.larmoiredebebe.com\/vetement\/haut-bebe\/c7179\/+fb-C000036686.html\" target=\"_blank\" rel=\" noreferrer noopener\"><img loading=\"lazy\" decoding=\"async\" width=\"424\" height=\"424\" data-id=\"7404\" src=\"https:\/\/www.larmoiredebebe.com\/wp-content\/uploads\/2026\/03\/Choisir_la_premiere_tenue_de_bebe_selon_la_saison-8.jpg\" alt=\"\" class=\"wp-image-7404\" srcset=\"https:\/\/www.larmoiredebebe.com\/wp-content\/uploads\/2026\/03\/Choisir_la_premiere_tenue_de_bebe_selon_la_saison-8.jpg 424w, https:\/\/www.larmoiredebebe.com\/wp-content\/uploads\/2026\/03\/Choisir_la_premiere_tenue_de_bebe_selon_la_saison-8-300x300.jpg 300w, https:\/\/www.larmoiredebebe.com\/wp-content\/uploads\/2026\/03\/Choisir_la_premiere_tenue_de_bebe_selon_la_saison-8-150x150.jpg 150w, https:\/\/www.larmoiredebebe.com\/wp-content\/uploads\/2026\/03\/Choisir_la_premiere_tenue_de_bebe_selon_la_saison-8-80x80.jpg 80w, https:\/\/www.larmoiredebebe.com\/wp-content\/uploads\/2026\/03\/Choisir_la_premiere_tenue_de_bebe_selon_la_saison-8-100x100.jpg 100w, https:\/\/www.larmoiredebebe.com\/wp-content\/uploads\/2026\/03\/Choisir_la_premiere_tenue_de_bebe_selon_la_saison-8-416x416.jpg 416w\" sizes=\"auto, (max-width: 424px) 100vw, 424px\" \/><\/a><figcaption class=\"wp-element-caption\">Quax<br><a href=\"https:\/\/www.larmoiredebebe.com\/vetement\/haut-bebe\/c7179\/+fb-C000036686.html\" target=\"_blank\" rel=\"noreferrer noopener sponsored nofollow\">Veste Teddy Mini Merino<\/a><\/figcaption><\/figure>\n\n\n\n<figure class=\"wp-block-image size-large\"><a href=\"https:\/\/www.larmoiredebebe.com\/vetement\/accessoires-bebe\/c7620\/+fb-C000036253+fv2566-16086.html\" target=\"_blank\" rel=\" noreferrer noopener\"><img loading=\"lazy\" decoding=\"async\" width=\"424\" height=\"424\" data-id=\"7405\" src=\"https:\/\/www.larmoiredebebe.com\/wp-content\/uploads\/2026\/03\/Choisir_la_premiere_tenue_de_bebe_selon_la_saison-7.jpg\" alt=\"\" class=\"wp-image-7405\" srcset=\"https:\/\/www.larmoiredebebe.com\/wp-content\/uploads\/2026\/03\/Choisir_la_premiere_tenue_de_bebe_selon_la_saison-7.jpg 424w, https:\/\/www.larmoiredebebe.com\/wp-content\/uploads\/2026\/03\/Choisir_la_premiere_tenue_de_bebe_selon_la_saison-7-300x300.jpg 300w, https:\/\/www.larmoiredebebe.com\/wp-content\/uploads\/2026\/03\/Choisir_la_premiere_tenue_de_bebe_selon_la_saison-7-150x150.jpg 150w, https:\/\/www.larmoiredebebe.com\/wp-content\/uploads\/2026\/03\/Choisir_la_premiere_tenue_de_bebe_selon_la_saison-7-80x80.jpg 80w, https:\/\/www.larmoiredebebe.com\/wp-content\/uploads\/2026\/03\/Choisir_la_premiere_tenue_de_bebe_selon_la_saison-7-100x100.jpg 100w, https:\/\/www.larmoiredebebe.com\/wp-content\/uploads\/2026\/03\/Choisir_la_premiere_tenue_de_bebe_selon_la_saison-7-416x416.jpg 416w\" sizes=\"auto, (max-width: 424px) 100vw, 424px\" \/><\/a><figcaption class=\"wp-element-caption\">L\u00e4ssig<br><a href=\"https:\/\/www.larmoiredebebe.com\/vetement\/accessoires-bebe\/c7620\/+fb-C000036253+fv2566-16086.html\" target=\"_blank\" rel=\"noreferrer noopener sponsored nofollow\">Beanie C\u00f4tel\u00e9<\/a><\/figcaption><\/figure>\n<\/figure>\n\n\n\n<h3 id=\"une-premiere-tenue-pour-bebe-en-ete\" class=\"wp-block-heading\">Une premi\u00e8re tenue pour b\u00e9b\u00e9 en \u00e9t\u00e9<\/h3>\n\n\n\n<p>En \u00e9t\u00e9, la priorit\u00e9 absolue est d\u2019\u00e9viter que b\u00e9b\u00e9 n\u2019ait trop chaud. La l\u00e9g\u00e8ret\u00e9 sera donc le mot d\u2019ordre.<br><br>Pour les journ\u00e9es les plus chaudes, vous pouvez choisir :<\/p>\n\n\n\n<ul class=\"wp-block-list\">\n<li>un <strong>body manches courtes ou sans manches<\/strong><\/li>\n\n\n\n<li>un <strong>pyjama l\u00e9ger<\/strong><\/li>\n\n\n\n<li>une <strong>petite paire de chaussettes fines<\/strong><\/li>\n<\/ul>\n\n\n\n<p>Pour la sortie de la maternit\u00e9, pensez \u00e9galement \u00e0 un <strong>lange ou une petite couverture l\u00e9g\u00e8re<\/strong>, toujours utile si la climatisation est pr\u00e9sente dans les lieux ferm\u00e9s.<\/p>\n\n\n\n<figure class=\"wp-block-gallery has-nested-images columns-default is-cropped wp-block-gallery-10 is-layout-flex wp-block-gallery-is-layout-flex\">\n<figure class=\"wp-block-image size-large\"><a href=\"https:\/\/www.larmoiredebebe.com\/fiche\/P202512100063.html\" target=\"_blank\" rel=\" noreferrer noopener\"><img loading=\"lazy\" decoding=\"async\" width=\"424\" height=\"424\" data-id=\"7408\" src=\"https:\/\/www.larmoiredebebe.com\/wp-content\/uploads\/2026\/03\/Choisir_la_premiere_tenue_de_bebe_selon_la_saison-10.jpg\" alt=\"\" class=\"wp-image-7408\" srcset=\"https:\/\/www.larmoiredebebe.com\/wp-content\/uploads\/2026\/03\/Choisir_la_premiere_tenue_de_bebe_selon_la_saison-10.jpg 424w, https:\/\/www.larmoiredebebe.com\/wp-content\/uploads\/2026\/03\/Choisir_la_premiere_tenue_de_bebe_selon_la_saison-10-300x300.jpg 300w, https:\/\/www.larmoiredebebe.com\/wp-content\/uploads\/2026\/03\/Choisir_la_premiere_tenue_de_bebe_selon_la_saison-10-150x150.jpg 150w, https:\/\/www.larmoiredebebe.com\/wp-content\/uploads\/2026\/03\/Choisir_la_premiere_tenue_de_bebe_selon_la_saison-10-80x80.jpg 80w, https:\/\/www.larmoiredebebe.com\/wp-content\/uploads\/2026\/03\/Choisir_la_premiere_tenue_de_bebe_selon_la_saison-10-100x100.jpg 100w, https:\/\/www.larmoiredebebe.com\/wp-content\/uploads\/2026\/03\/Choisir_la_premiere_tenue_de_bebe_selon_la_saison-10-416x416.jpg 416w\" sizes=\"auto, (max-width: 424px) 100vw, 424px\" \/><\/a><figcaption class=\"wp-element-caption\">Done by Deer<br><a href=\"https:\/\/www.larmoiredebebe.com\/fiche\/P202512100063.html\" target=\"_blank\" rel=\"noreferrer noopener sponsored nofollow\">Chaussettes d&rsquo;\u00e9veil<\/a><\/figcaption><\/figure>\n\n\n\n<figure class=\"wp-block-image size-large\"><a href=\"https:\/\/www.larmoiredebebe.com\/fiche\/P202511120101.html\" target=\"_blank\" rel=\" noreferrer noopener\"><img loading=\"lazy\" decoding=\"async\" width=\"424\" height=\"424\" data-id=\"7406\" src=\"https:\/\/www.larmoiredebebe.com\/wp-content\/uploads\/2026\/03\/Choisir_la_premiere_tenue_de_bebe_selon_la_saison-11.jpg\" alt=\"\" class=\"wp-image-7406\" srcset=\"https:\/\/www.larmoiredebebe.com\/wp-content\/uploads\/2026\/03\/Choisir_la_premiere_tenue_de_bebe_selon_la_saison-11.jpg 424w, https:\/\/www.larmoiredebebe.com\/wp-content\/uploads\/2026\/03\/Choisir_la_premiere_tenue_de_bebe_selon_la_saison-11-300x300.jpg 300w, https:\/\/www.larmoiredebebe.com\/wp-content\/uploads\/2026\/03\/Choisir_la_premiere_tenue_de_bebe_selon_la_saison-11-150x150.jpg 150w, https:\/\/www.larmoiredebebe.com\/wp-content\/uploads\/2026\/03\/Choisir_la_premiere_tenue_de_bebe_selon_la_saison-11-80x80.jpg 80w, https:\/\/www.larmoiredebebe.com\/wp-content\/uploads\/2026\/03\/Choisir_la_premiere_tenue_de_bebe_selon_la_saison-11-100x100.jpg 100w, https:\/\/www.larmoiredebebe.com\/wp-content\/uploads\/2026\/03\/Choisir_la_premiere_tenue_de_bebe_selon_la_saison-11-416x416.jpg 416w\" sizes=\"auto, (max-width: 424px) 100vw, 424px\" \/><\/a><figcaption class=\"wp-element-caption\">\u00e9moi \u00e9moi<br><a href=\"https:\/\/www.larmoiredebebe.com\/fiche\/P202511120101.html\" target=\"_blank\" rel=\"noreferrer noopener sponsored nofollow\">Body Le Grand Amour Cr\u00e8me<\/a><\/figcaption><\/figure>\n\n\n\n<figure class=\"wp-block-image size-large\"><a href=\"https:\/\/www.larmoiredebebe.com\/fiche\/P202511120096.html\" target=\"_blank\" rel=\" noreferrer noopener\"><img loading=\"lazy\" decoding=\"async\" width=\"424\" height=\"424\" data-id=\"7407\" src=\"https:\/\/www.larmoiredebebe.com\/wp-content\/uploads\/2026\/03\/Choisir_la_premiere_tenue_de_bebe_selon_la_saison-12.jpg\" alt=\"\" class=\"wp-image-7407\" srcset=\"https:\/\/www.larmoiredebebe.com\/wp-content\/uploads\/2026\/03\/Choisir_la_premiere_tenue_de_bebe_selon_la_saison-12.jpg 424w, https:\/\/www.larmoiredebebe.com\/wp-content\/uploads\/2026\/03\/Choisir_la_premiere_tenue_de_bebe_selon_la_saison-12-300x300.jpg 300w, https:\/\/www.larmoiredebebe.com\/wp-content\/uploads\/2026\/03\/Choisir_la_premiere_tenue_de_bebe_selon_la_saison-12-150x150.jpg 150w, https:\/\/www.larmoiredebebe.com\/wp-content\/uploads\/2026\/03\/Choisir_la_premiere_tenue_de_bebe_selon_la_saison-12-80x80.jpg 80w, https:\/\/www.larmoiredebebe.com\/wp-content\/uploads\/2026\/03\/Choisir_la_premiere_tenue_de_bebe_selon_la_saison-12-100x100.jpg 100w, https:\/\/www.larmoiredebebe.com\/wp-content\/uploads\/2026\/03\/Choisir_la_premiere_tenue_de_bebe_selon_la_saison-12-416x416.jpg 416w\" sizes=\"auto, (max-width: 424px) 100vw, 424px\" \/><\/a><figcaption class=\"wp-element-caption\">\u00e9moi \u00e9moir<br><a href=\"https:\/\/www.larmoiredebebe.com\/fiche\/P202511120096.html\" target=\"_blank\" rel=\"noreferrer noopener sponsored nofollow\">Body Coeur Chamallow Cr\u00e8me<\/a><\/figcaption><\/figure>\n<\/figure>\n\n\n\n<h3 id=\"une-tenue-adaptee-pour-une-naissance-en-automne\" class=\"wp-block-heading\">Une tenue adapt\u00e9e pour une naissance en automne<\/h3>\n\n\n\n<p>L\u2019automne ressemble souvent au printemps c\u00f4t\u00e9 m\u00e9t\u00e9o. Les temp\u00e9ratures peuvent changer rapidement\u00a0: fra\u00eecheur le matin et douceur l\u2019apr\u00e8s-midi.<br><br>Une tenue simple et confortable peut inclure :<\/p>\n\n\n\n<ul class=\"wp-block-list\">\n<li>un <strong>body manches longues<\/strong><\/li>\n\n\n\n<li>un <strong>pyjama en coton \u00e9pais ou en velours l\u00e9ger<\/strong><\/li>\n\n\n\n<li>un <strong>gilet doux<\/strong><\/li>\n\n\n\n<li>un <strong>bonnet pour les sorties<\/strong><\/li>\n<\/ul>\n\n\n\n<p>L\u2019id\u00e9e est toujours la m\u00eame : pouvoir ajouter ou retirer une couche facilement selon la temp\u00e9rature.<\/p>\n\n\n\n<h2 id=\"quelle-taille-choisir-pour-la-premiere-tenue-de-bebe\" class=\"wp-block-heading\">Quelle taille choisir pour la premi\u00e8re tenue de b\u00e9b\u00e9 ?<\/h2>\n\n\n\n<p>La question de la taille revient souvent. La plupart du temps, les parents choisissent <strong>la taille naissance <\/strong>ou <strong>la taille 1 mois<\/strong>.<br><br>Si b\u00e9b\u00e9 est estim\u00e9 grand ou si vous souhaitez \u00eatre s\u00fbr que la tenue dure un peu plus longtemps, la taille <strong>1 mois<\/strong> peut donc \u00eatre un bon compromis.<\/p>\n\n\n\n<h2 id=\"quelques-conseils-avant-denfiler-la-premiere-tenue\" class=\"wp-block-heading\">Quelques conseils avant d\u2019enfiler la premi\u00e8re tenue<\/h2>\n\n\n\n<p>Quelques petits gestes simples permettront d\u2019assurer encore plus de confort \u00e0 b\u00e9b\u00e9 :<\/p>\n\n\n\n<ul class=\"wp-block-list\">\n<li><strong>lavez les v\u00eatements avant la premi\u00e8re utilisation<\/strong><\/li>\n\n\n\n<li>privil\u00e9giez des <strong>v\u00eatements sans \u00e9tiquettes irritantes<\/strong><\/li>\n\n\n\n<li>pr\u00e9parez <strong>plusieurs tenues dans la valise maternit\u00e9<\/strong><\/li>\n<\/ul>\n\n\n\n<p>Et surtout, choisissez une tenue qui vous pla\u00eet. La premi\u00e8re tenue de b\u00e9b\u00e9 restera un souvenir pr\u00e9cieux de ses premiers instants.<\/p>\n","protected":false},"excerpt":{"rendered":"L\u2019arriv\u00e9e de b\u00e9b\u00e9 approche et une question revient souvent chez les futurs parents : quelle sera sa toute&hellip;\n","protected":false},"author":8,"featured_media":7409,"comment_status":"closed","ping_status":"closed","sticky":false,"template":"","format":"standard","meta":{"csco_display_header_overlay":false,"csco_disable_site_padding":false,"csco_singular_sidebar":"","csco_page_header_type":"","csco_page_load_nextpost":"","csco_post_video_location":[],"csco_post_video_location_hash":"","csco_post_video_url":"","csco_post_video_bg_start_time":0,"csco_post_video_bg_end_time":0,"footnotes":""},"categories":[3],"tags":[221,220,222],"class_list":{"0":"post-7393","1":"post","2":"type-post","3":"status-publish","4":"format-standard","5":"has-post-thumbnail","7":"category-nos-guides-puericulture","8":"tag-habiller-bebe","9":"tag-premiere-tenue-de-bebe","10":"tag-vetements-bebe","11":"cs-entry","12":"cs-video-wrap"},"yoast_head":"<!-- This site is optimized with the Yoast SEO plugin v26.7 - https:\/\/yoast.com\/wordpress\/plugins\/seo\/ -->\n<title>Comment bien choisir la premi\u00e8re tenue de b\u00e9b\u00e9 selon la saison ? - Blog L&#039;Armoire de B\u00e9b\u00e9<\/title>\n<meta name=\"description\" content=\"%\" \/>\n<meta name=\"robots\" content=\"index, follow, max-snippet:-1, max-image-preview:large, max-video-preview:-1\" \/>\n<link rel=\"canonical\" href=\"https:\/\/www.larmoiredebebe.com\/blog\/comment-bien-choisir-la-premiere-tenue-de-bebe-selon-la-saison\/\" \/>\n<meta property=\"og:locale\" content=\"fr_FR\" \/>\n<meta property=\"og:type\" content=\"article\" \/>\n<meta property=\"og:title\" content=\"Comment bien choisir la premi\u00e8re tenue de b\u00e9b\u00e9 selon la saison ? - Blog L&#039;Armoire de B\u00e9b\u00e9\" \/>\n<meta property=\"og:description\" content=\"%\" \/>\n<meta property=\"og:url\" content=\"https:\/\/www.larmoiredebebe.com\/blog\/comment-bien-choisir-la-premiere-tenue-de-bebe-selon-la-saison\/\" \/>\n<meta property=\"og:site_name\" content=\"Blog L&#039;Armoire de B\u00e9b\u00e9\" \/>\n<meta property=\"article:published_time\" content=\"2026-03-02T07:00:26+00:00\" \/>\n<meta property=\"article:modified_time\" content=\"2026-03-18T10:44:31+00:00\" \/>\n<meta property=\"og:image\" content=\"https:\/\/www.larmoiredebebe.com\/wp-content\/uploads\/2026\/03\/Choisir_la_premiere_tenue_de_bebe_selon_la_saison-0.jpg\" \/>\n\t<meta property=\"og:image:width\" content=\"643\" \/>\n\t<meta property=\"og:image:height\" content=\"483\" \/>\n\t<meta property=\"og:image:type\" content=\"image\/jpeg\" \/>\n<meta name=\"author\" content=\"C\u00e9cile ARMELLA\" \/>\n<meta name=\"twitter:card\" content=\"summary_large_image\" \/>\n<script type=\"application\/ld+json\" class=\"yoast-schema-graph\">{\"@context\":\"https:\/\/schema.org\",\"@graph\":[{\"@type\":\"Article\",\"@id\":\"https:\/\/www.larmoiredebebe.com\/blog\/comment-bien-choisir-la-premiere-tenue-de-bebe-selon-la-saison\/#article\",\"isPartOf\":{\"@id\":\"https:\/\/www.larmoiredebebe.com\/blog\/comment-bien-choisir-la-premiere-tenue-de-bebe-selon-la-saison\/\"},\"author\":{\"name\":\"C\u00e9cile ARMELLA\",\"@id\":\"https:\/\/www.larmoiredebebe.com\/blog\/#\/schema\/person\/4a55142d5207b163db09cad1b9bdccc3\"},\"headline\":\"Comment bien choisir la premi\u00e8re tenue de b\u00e9b\u00e9 selon la saison ?\",\"datePublished\":\"2026-03-02T07:00:26+00:00\",\"dateModified\":\"2026-03-18T10:44:31+00:00\",\"mainEntityOfPage\":{\"@id\":\"https:\/\/www.larmoiredebebe.com\/blog\/comment-bien-choisir-la-premiere-tenue-de-bebe-selon-la-saison\/\"},\"wordCount\":917,\"image\":{\"@id\":\"https:\/\/www.larmoiredebebe.com\/blog\/comment-bien-choisir-la-premiere-tenue-de-bebe-selon-la-saison\/#primaryimage\"},\"thumbnailUrl\":\"https:\/\/www.larmoiredebebe.com\/wp-content\/uploads\/2026\/03\/Choisir_la_premiere_tenue_de_bebe_selon_la_saison-0.jpg\",\"keywords\":[\"Habiller b\u00e9b\u00e9\",\"Premi\u00e8re tenue de b\u00e9b\u00e9\",\"Vetements b\u00e9b\u00e9\"],\"articleSection\":[\"Nos super guides\"],\"inLanguage\":\"fr-FR\"},{\"@type\":\"WebPage\",\"@id\":\"https:\/\/www.larmoiredebebe.com\/blog\/comment-bien-choisir-la-premiere-tenue-de-bebe-selon-la-saison\/\",\"url\":\"https:\/\/www.larmoiredebebe.com\/blog\/comment-bien-choisir-la-premiere-tenue-de-bebe-selon-la-saison\/\",\"name\":\"Comment bien choisir la premi\u00e8re tenue de b\u00e9b\u00e9 selon la saison ? - Blog L&#039;Armoire de B\u00e9b\u00e9\",\"isPartOf\":{\"@id\":\"https:\/\/www.larmoiredebebe.com\/blog\/#website\"},\"primaryImageOfPage\":{\"@id\":\"https:\/\/www.larmoiredebebe.com\/blog\/comment-bien-choisir-la-premiere-tenue-de-bebe-selon-la-saison\/#primaryimage\"},\"image\":{\"@id\":\"https:\/\/www.larmoiredebebe.com\/blog\/comment-bien-choisir-la-premiere-tenue-de-bebe-selon-la-saison\/#primaryimage\"},\"thumbnailUrl\":\"https:\/\/www.larmoiredebebe.com\/wp-content\/uploads\/2026\/03\/Choisir_la_premiere_tenue_de_bebe_selon_la_saison-0.jpg\",\"datePublished\":\"2026-03-02T07:00:26+00:00\",\"dateModified\":\"2026-03-18T10:44:31+00:00\",\"author\":{\"@id\":\"https:\/\/www.larmoiredebebe.com\/blog\/#\/schema\/person\/4a55142d5207b163db09cad1b9bdccc3\"},\"description\":\"%\",\"breadcrumb\":{\"@id\":\"https:\/\/www.larmoiredebebe.com\/blog\/comment-bien-choisir-la-premiere-tenue-de-bebe-selon-la-saison\/#breadcrumb\"},\"inLanguage\":\"fr-FR\",\"potentialAction\":[{\"@type\":\"ReadAction\",\"target\":[\"https:\/\/www.larmoiredebebe.com\/blog\/comment-bien-choisir-la-premiere-tenue-de-bebe-selon-la-saison\/\"]}]},{\"@type\":\"ImageObject\",\"inLanguage\":\"fr-FR\",\"@id\":\"https:\/\/www.larmoiredebebe.com\/blog\/comment-bien-choisir-la-premiere-tenue-de-bebe-selon-la-saison\/#primaryimage\",\"url\":\"https:\/\/www.larmoiredebebe.com\/wp-content\/uploads\/2026\/03\/Choisir_la_premiere_tenue_de_bebe_selon_la_saison-0.jpg\",\"contentUrl\":\"https:\/\/www.larmoiredebebe.com\/wp-content\/uploads\/2026\/03\/Choisir_la_premiere_tenue_de_bebe_selon_la_saison-0.jpg\",\"width\":643,\"height\":483,\"caption\":\"Tartine et Chocolat Gigoteuse Mi-saison Feuillage Vert - 0\/6 Mois\"},{\"@type\":\"BreadcrumbList\",\"@id\":\"https:\/\/www.larmoiredebebe.com\/blog\/comment-bien-choisir-la-premiere-tenue-de-bebe-selon-la-saison\/#breadcrumb\",\"itemListElement\":[{\"@type\":\"ListItem\",\"position\":1,\"name\":\"Accueil\",\"item\":\"https:\/\/www.larmoiredebebe.com\/blog\/\"},{\"@type\":\"ListItem\",\"position\":2,\"name\":\"Comment bien choisir la premi\u00e8re tenue de b\u00e9b\u00e9 selon la saison ?\"}]},{\"@type\":\"WebSite\",\"@id\":\"https:\/\/www.larmoiredebebe.com\/blog\/#website\",\"url\":\"https:\/\/www.larmoiredebebe.com\/blog\/\",\"name\":\"Blog L&#039;Armoire de B\u00e9b\u00e9\",\"description\":\"\",\"potentialAction\":[{\"@type\":\"SearchAction\",\"target\":{\"@type\":\"EntryPoint\",\"urlTemplate\":\"https:\/\/www.larmoiredebebe.com\/blog\/?s={search_term_string}\"},\"query-input\":{\"@type\":\"PropertyValueSpecification\",\"valueRequired\":true,\"valueName\":\"search_term_string\"}}],\"inLanguage\":\"fr-FR\"},{\"@type\":\"Person\",\"@id\":\"https:\/\/www.larmoiredebebe.com\/blog\/#\/schema\/person\/4a55142d5207b163db09cad1b9bdccc3\",\"name\":\"C\u00e9cile ARMELLA\",\"url\":\"https:\/\/www.larmoiredebebe.com\/blog\/author\/c-armella\/\"}]}<\/script>\n<!-- \/ Yoast SEO plugin. -->","yoast_head_json":{"title":"Comment bien choisir la premi\u00e8re tenue de b\u00e9b\u00e9 selon la saison ? - Blog L&#039;Armoire de B\u00e9b\u00e9","description":"%","robots":{"index":"index","follow":"follow","max-snippet":"max-snippet:-1","max-image-preview":"max-image-preview:large","max-video-preview":"max-video-preview:-1"},"canonical":"https:\/\/www.larmoiredebebe.com\/blog\/comment-bien-choisir-la-premiere-tenue-de-bebe-selon-la-saison\/","og_locale":"fr_FR","og_type":"article","og_title":"Comment bien choisir la premi\u00e8re tenue de b\u00e9b\u00e9 selon la saison ? - Blog L&#039;Armoire de B\u00e9b\u00e9","og_description":"%","og_url":"https:\/\/www.larmoiredebebe.com\/blog\/comment-bien-choisir-la-premiere-tenue-de-bebe-selon-la-saison\/","og_site_name":"Blog L&#039;Armoire de B\u00e9b\u00e9","article_published_time":"2026-03-02T07:00:26+00:00","article_modified_time":"2026-03-18T10:44:31+00:00","og_image":[{"width":643,"height":483,"url":"https:\/\/www.larmoiredebebe.com\/wp-content\/uploads\/2026\/03\/Choisir_la_premiere_tenue_de_bebe_selon_la_saison-0.jpg","type":"image\/jpeg"}],"author":"C\u00e9cile ARMELLA","twitter_card":"summary_large_image","schema":{"@context":"https:\/\/schema.org","@graph":[{"@type":"Article","@id":"https:\/\/www.larmoiredebebe.com\/blog\/comment-bien-choisir-la-premiere-tenue-de-bebe-selon-la-saison\/#article","isPartOf":{"@id":"https:\/\/www.larmoiredebebe.com\/blog\/comment-bien-choisir-la-premiere-tenue-de-bebe-selon-la-saison\/"},"author":{"name":"C\u00e9cile ARMELLA","@id":"https:\/\/www.larmoiredebebe.com\/blog\/#\/schema\/person\/4a55142d5207b163db09cad1b9bdccc3"},"headline":"Comment bien choisir la premi\u00e8re tenue de b\u00e9b\u00e9 selon la saison ?","datePublished":"2026-03-02T07:00:26+00:00","dateModified":"2026-03-18T10:44:31+00:00","mainEntityOfPage":{"@id":"https:\/\/www.larmoiredebebe.com\/blog\/comment-bien-choisir-la-premiere-tenue-de-bebe-selon-la-saison\/"},"wordCount":917,"image":{"@id":"https:\/\/www.larmoiredebebe.com\/blog\/comment-bien-choisir-la-premiere-tenue-de-bebe-selon-la-saison\/#primaryimage"},"thumbnailUrl":"https:\/\/www.larmoiredebebe.com\/wp-content\/uploads\/2026\/03\/Choisir_la_premiere_tenue_de_bebe_selon_la_saison-0.jpg","keywords":["Habiller b\u00e9b\u00e9","Premi\u00e8re tenue de b\u00e9b\u00e9","Vetements b\u00e9b\u00e9"],"articleSection":["Nos super guides"],"inLanguage":"fr-FR"},{"@type":"WebPage","@id":"https:\/\/www.larmoiredebebe.com\/blog\/comment-bien-choisir-la-premiere-tenue-de-bebe-selon-la-saison\/","url":"https:\/\/www.larmoiredebebe.com\/blog\/comment-bien-choisir-la-premiere-tenue-de-bebe-selon-la-saison\/","name":"Comment bien choisir la premi\u00e8re tenue de b\u00e9b\u00e9 selon la saison ? - Blog L&#039;Armoire de B\u00e9b\u00e9","isPartOf":{"@id":"https:\/\/www.larmoiredebebe.com\/blog\/#website"},"primaryImageOfPage":{"@id":"https:\/\/www.larmoiredebebe.com\/blog\/comment-bien-choisir-la-premiere-tenue-de-bebe-selon-la-saison\/#primaryimage"},"image":{"@id":"https:\/\/www.larmoiredebebe.com\/blog\/comment-bien-choisir-la-premiere-tenue-de-bebe-selon-la-saison\/#primaryimage"},"thumbnailUrl":"https:\/\/www.larmoiredebebe.com\/wp-content\/uploads\/2026\/03\/Choisir_la_premiere_tenue_de_bebe_selon_la_saison-0.jpg","datePublished":"2026-03-02T07:00:26+00:00","dateModified":"2026-03-18T10:44:31+00:00","author":{"@id":"https:\/\/www.larmoiredebebe.com\/blog\/#\/schema\/person\/4a55142d5207b163db09cad1b9bdccc3"},"description":"%","breadcrumb":{"@id":"https:\/\/www.larmoiredebebe.com\/blog\/comment-bien-choisir-la-premiere-tenue-de-bebe-selon-la-saison\/#breadcrumb"},"inLanguage":"fr-FR","potentialAction":[{"@type":"ReadAction","target":["https:\/\/www.larmoiredebebe.com\/blog\/comment-bien-choisir-la-premiere-tenue-de-bebe-selon-la-saison\/"]}]},{"@type":"ImageObject","inLanguage":"fr-FR","@id":"https:\/\/www.larmoiredebebe.com\/blog\/comment-bien-choisir-la-premiere-tenue-de-bebe-selon-la-saison\/#primaryimage","url":"https:\/\/www.larmoiredebebe.com\/wp-content\/uploads\/2026\/03\/Choisir_la_premiere_tenue_de_bebe_selon_la_saison-0.jpg","contentUrl":"https:\/\/www.larmoiredebebe.com\/wp-content\/uploads\/2026\/03\/Choisir_la_premiere_tenue_de_bebe_selon_la_saison-0.jpg","width":643,"height":483,"caption":"Tartine et Chocolat Gigoteuse Mi-saison Feuillage Vert - 0\/6 Mois"},{"@type":"BreadcrumbList","@id":"https:\/\/www.larmoiredebebe.com\/blog\/comment-bien-choisir-la-premiere-tenue-de-bebe-selon-la-saison\/#breadcrumb","itemListElement":[{"@type":"ListItem","position":1,"name":"Accueil","item":"https:\/\/www.larmoiredebebe.com\/blog\/"},{"@type":"ListItem","position":2,"name":"Comment bien choisir la premi\u00e8re tenue de b\u00e9b\u00e9 selon la saison ?"}]},{"@type":"WebSite","@id":"https:\/\/www.larmoiredebebe.com\/blog\/#website","url":"https:\/\/www.larmoiredebebe.com\/blog\/","name":"Blog L&#039;Armoire de B\u00e9b\u00e9","description":"","potentialAction":[{"@type":"SearchAction","target":{"@type":"EntryPoint","urlTemplate":"https:\/\/www.larmoiredebebe.com\/blog\/?s={search_term_string}"},"query-input":{"@type":"PropertyValueSpecification","valueRequired":true,"valueName":"search_term_string"}}],"inLanguage":"fr-FR"},{"@type":"Person","@id":"https:\/\/www.larmoiredebebe.com\/blog\/#\/schema\/person\/4a55142d5207b163db09cad1b9bdccc3","name":"C\u00e9cile ARMELLA","url":"https:\/\/www.larmoiredebebe.com\/blog\/author\/c-armella\/"}]}},"_links":{"self":[{"href":"https:\/\/www.larmoiredebebe.com\/blog\/wp-json\/wp\/v2\/posts\/7393","targetHints":{"allow":["GET"]}}],"collection":[{"href":"https:\/\/www.larmoiredebebe.com\/blog\/wp-json\/wp\/v2\/posts"}],"about":[{"href":"https:\/\/www.larmoiredebebe.com\/blog\/wp-json\/wp\/v2\/types\/post"}],"author":[{"embeddable":true,"href":"https:\/\/www.larmoiredebebe.com\/blog\/wp-json\/wp\/v2\/users\/8"}],"replies":[{"embeddable":true,"href":"https:\/\/www.larmoiredebebe.com\/blog\/wp-json\/wp\/v2\/comments?post=7393"}],"version-history":[{"count":3,"href":"https:\/\/www.larmoiredebebe.com\/blog\/wp-json\/wp\/v2\/posts\/7393\/revisions"}],"predecessor-version":[{"id":7410,"href":"https:\/\/www.larmoiredebebe.com\/blog\/wp-json\/wp\/v2\/posts\/7393\/revisions\/7410"}],"wp:featuredmedia":[{"embeddable":true,"href":"https:\/\/www.larmoiredebebe.com\/blog\/wp-json\/wp\/v2\/media\/7409"}],"wp:attachment":[{"href":"https:\/\/www.larmoiredebebe.com\/blog\/wp-json\/wp\/v2\/media?parent=7393"}],"wp:term":[{"taxonomy":"category","embeddable":true,"href":"https:\/\/www.larmoiredebebe.com\/blog\/wp-json\/wp\/v2\/categories?post=7393"},{"taxonomy":"post_tag","embeddable":true,"href":"https:\/\/www.larmoiredebebe.com\/blog\/wp-json\/wp\/v2\/tags?post=7393"}],"curies":[{"name":"wp","href":"https:\/\/api.w.org\/{rel}","templated":true}]}}