{"id":4256,"date":"2023-01-04T11:55:48","date_gmt":"2023-01-04T10:55:48","guid":{"rendered":"https:\/\/www.larmoiredebebe.com\/blog\/?p=4256"},"modified":"2025-08-28T10:05:26","modified_gmt":"2025-08-28T08:05:26","slug":"quelle-chaise-haute-choisir","status":"publish","type":"post","link":"https:\/\/www.larmoiredebebe.com\/blog\/quelle-chaise-haute-choisir\/","title":{"rendered":"Quelle chaise haute choisir ?"},"content":{"rendered":"\n<p>Quand votre b\u00e9b\u00e9 commencera \u00e0 se tenir assis (entre 6 et 10 mois) vous pourrez le faire participer aux repas de la famille en l&rsquo;installant dans une chaise haute. En bois, en m\u00e9tal, modulables ou \u00e9volutives, les mod\u00e8les ne manquent pas. Alors comment choisir la chaise haute de b\u00e9b\u00e9 ? Suivez le guide !<\/p>\n\n\n\n<figure class=\"wp-block-image size-large\"><a href=\"https:\/\/www.larmoiredebebe.com\/fiche\/P202004160030.html\" target=\"_blank\" rel=\"noreferrer noopener\"><img loading=\"lazy\" decoding=\"async\" width=\"1200\" height=\"900\" src=\"https:\/\/www.larmoiredebebe.com\/wp-content\/uploads\/2023\/01\/AB0005671172_1-edited.jpg\" alt=\"\" class=\"wp-image-4268\" srcset=\"https:\/\/www.larmoiredebebe.com\/wp-content\/uploads\/2023\/01\/AB0005671172_1-edited.jpg 1200w, https:\/\/www.larmoiredebebe.com\/wp-content\/uploads\/2023\/01\/AB0005671172_1-edited-300x225.jpg 300w, https:\/\/www.larmoiredebebe.com\/wp-content\/uploads\/2023\/01\/AB0005671172_1-edited-1024x768.jpg 1024w, https:\/\/www.larmoiredebebe.com\/wp-content\/uploads\/2023\/01\/AB0005671172_1-edited-768x576.jpg 768w, https:\/\/www.larmoiredebebe.com\/wp-content\/uploads\/2023\/01\/AB0005671172_1-edited-416x312.jpg 416w, https:\/\/www.larmoiredebebe.com\/wp-content\/uploads\/2023\/01\/AB0005671172_1-edited-856x642.jpg 856w\" sizes=\"auto, (max-width: 1200px) 100vw, 1200px\" \/><\/a><figcaption class=\"wp-element-caption\"><a href=\"https:\/\/www.larmoiredebebe.com\/fiche\/P202004160030.html\" target=\"_blank\" rel=\"noreferrer noopener\">Chaise haute Clikk &#8211; Stokke<\/a><\/figcaption><\/figure>\n\n\n\n<p>Le passage \u00e0 table est une \u00e9tape qui compte dans la vie de l&rsquo;enfant. C&rsquo;est un acte de sociabilisation qui symbolise son entr\u00e9e dans le rituel des repas de famille. D\u00e8s 6 mois environ, b\u00e9b\u00e9 commence \u00e0 se tenir assis tout seul et cherche \u00e0 participer \u00e0 tout ce que font ses parents, fr\u00e8res et s\u0153urs pour entrer dans le monde des grands. Le choix de la chaise haute est important quand on sait que 20% des hospitalisations d&rsquo;enfants sont dues \u00e0 des chutes de chaises hautes. Avant de choisir, parcourez ce guide afin de d\u00e9terminer vos besoins et de vous informer sur les r\u00e8gles de s\u00e9curit\u00e9 pour que les repas se passent confortablement.<\/p>\n\n\n\n<p>Les crit\u00e8res essentiels \u00e0 prendre en compte au moment de l&rsquo;achat sont :<\/p>\n\n\n\n<p><strong>L&rsquo;utilisation<\/strong><\/p>\n\n\n\n<p>Allez-vous devoir d\u00e9placer la chaise haute ? D&rsquo;une pi\u00e8ce \u00e0 l&rsquo;autre ? L&#8217;emm\u00e8nerez vous chez des proches quand vous vous d\u00e9placerez avec b\u00e9b\u00e9 ? Souhaitez vous la ranger entre chaque utilisation ? Voici les questions essentielles \u00e0 vous poser pour choisir. Car il existe des mod\u00e8les pliants plus ou moins encombrants\/lourds et des mod\u00e8les parfois plus design mais qui ne sont pas pratiques \u00e0 \u00eatre d\u00e9plac\u00e9s.&nbsp;<\/p>\n\n\n\n<p><strong>La s\u00e9curit\u00e9&nbsp;<\/strong><\/p>\n\n\n\n<ul class=\"wp-block-list\">\n<li>La chaise haute devra respecter la norme de s\u00e9curit\u00e9 NF S54-007.<\/li>\n\n\n\n<li>La chaise haute doit comporter un harnais pour le bassin et l&rsquo;entrejambe, un dossier haut (35 cm) pour soutenir la t\u00eate de l&rsquo;enfant.<\/li>\n\n\n\n<li>Choisissez en fonction de son poids et non de son \u00e2ge.<\/li>\n\n\n\n<li>Assurez vous que la chaise haute ait une assise large pour que b\u00e9b\u00e9 soit bien install\u00e9, au besoin rajoutez des coussins amovibles.&nbsp;<\/li>\n\n\n\n<li>La chaise haute, si elle est pliante et\/ou sur roulettes doit comporter un syst\u00e8me de blocage et de frein efficace.&nbsp;<\/li>\n\n\n\n<li>Ne laissez jamais un enfant seul sur une chaise haute sans surveillance.&nbsp;<\/li>\n\n\n\n<li>Veillez \u00e0 ce que l&rsquo;enfant ne puisse pas pousser sur ses jambes en prenant appui sur un meuble \u00e0 proximit\u00e9.&nbsp;<\/li>\n\n\n\n<li>Enfin, veillez \u00e0 la stabilit\u00e9 de la chaise en l&rsquo;installant (\u00e9viter les surfaces glissantes).&nbsp;<\/li>\n<\/ul>\n\n\n\n<p><strong>Le design<\/strong><\/p>\n\n\n\n<p>L\u00e0 c&rsquo;est plus une affaire de go\u00fbt personnel : bois, m\u00e9tal, plastique&#8230; \u00e0 vous de choisir !<\/p>\n\n\n\n<p>Voici les&nbsp;<a href=\"https:\/\/www.larmoiredebebe.com\/alimentation\/repas\/chaise-haute\/c7208\/\">diff\u00e9rents types de chaises hautes&nbsp;<\/a>que vous pourrez trouver :<\/p>\n\n\n\n<h2 id=\"la-chaise-haute-en-bois\" class=\"wp-block-heading\">La chaise haute en bois <\/h2>\n\n\n\n<figure class=\"wp-block-image size-full\"><a href=\"https:\/\/www.larmoiredebebe.com\/fiche\/P202301160052.html\" target=\"_blank\" rel=\"noreferrer noopener\"><img loading=\"lazy\" decoding=\"async\" width=\"1080\" height=\"810\" src=\"https:\/\/www.larmoiredebebe.com\/wp-content\/uploads\/2025\/07\/Giraffe-1-edited.jpg\" alt=\"\" class=\"wp-image-6083\" srcset=\"https:\/\/www.larmoiredebebe.com\/wp-content\/uploads\/2025\/07\/Giraffe-1-edited.jpg 1080w, https:\/\/www.larmoiredebebe.com\/wp-content\/uploads\/2025\/07\/Giraffe-1-edited-300x225.jpg 300w, https:\/\/www.larmoiredebebe.com\/wp-content\/uploads\/2025\/07\/Giraffe-1-edited-1024x768.jpg 1024w, https:\/\/www.larmoiredebebe.com\/wp-content\/uploads\/2025\/07\/Giraffe-1-edited-768x576.jpg 768w, https:\/\/www.larmoiredebebe.com\/wp-content\/uploads\/2025\/07\/Giraffe-1-edited-416x312.jpg 416w, https:\/\/www.larmoiredebebe.com\/wp-content\/uploads\/2025\/07\/Giraffe-1-edited-856x642.jpg 856w\" sizes=\"auto, (max-width: 1080px) 100vw, 1080px\" \/><\/a><figcaption class=\"wp-element-caption\"><a href=\"https:\/\/www.larmoiredebebe.com\/fiche\/P202301160052.html\" target=\"_blank\" rel=\"noreferrer noopener\">Chaise haute Giraffe &#8211; Bugaboo<\/a><\/figcaption><\/figure>\n\n\n\n<p>Mod\u00e8le le plus classique, le plus stable, qui a fait ses preuves depuis des g\u00e9n\u00e9rations.&nbsp;<br>Les marques ont d\u00e9poussi\u00e9r\u00e9 l&rsquo;ancien design pour en faire des chaises beaucoup plus adapt\u00e9es aux enfants d&rsquo;aujourd&rsquo;hui avec assises larges, reposes-pieds r\u00e9glables et pliables&#8230;&nbsp;<br><br><strong>Avantages<\/strong><\/p>\n\n\n\n<ul class=\"wp-block-list\">\n<li>Stable et robuste<\/li>\n\n\n\n<li>Jolie et effet \u00ab\u00a0vintage\u00a0\u00bb<\/li>\n\n\n\n<li>Une valeur s\u00fbre qui dure longtemps<\/li>\n\n\n\n<li>Evolutive<\/li>\n\n\n\n<li>Pliable (pour certaines)<\/li>\n\n\n\n<li>R\u00e9glable<\/li>\n<\/ul>\n\n\n\n<p><strong>Inconv\u00e9nients<\/strong><\/p>\n\n\n\n<ul class=\"wp-block-list\">\n<li>Poids<\/li>\n\n\n\n<li>Encombrant<\/li>\n<\/ul>\n\n\n\n<div class=\"wp-block-buttons is-layout-flex wp-block-buttons-is-layout-flex\">\n<div class=\"wp-block-button aligncenter\"><a class=\"wp-block-button__link wp-element-button\" href=\"https:\/\/www.larmoiredebebe.com\/alimentation\/repas\/chaise-haute\/c7208\/\" target=\"_blank\" rel=\"noreferrer noopener\">D\u00e9couvrir nos chaises hautes en bois<\/a><\/div>\n<\/div>\n\n\n\n<h2 id=\"la-chaise-haute-en-plastique\" class=\"wp-block-heading\">La chaise haute en plastique <\/h2>\n\n\n\n<figure class=\"wp-block-image size-large\"><a href=\"https:\/\/www.larmoiredebebe.com\/fiche\/P201901150107.html\" target=\"_blank\" rel=\"noreferrer noopener\"><img loading=\"lazy\" decoding=\"async\" width=\"1200\" height=\"900\" src=\"https:\/\/www.larmoiredebebe.com\/wp-content\/uploads\/2023\/01\/AB0005722768_1-edited.jpg\" alt=\"\" class=\"wp-image-4277\" srcset=\"https:\/\/www.larmoiredebebe.com\/wp-content\/uploads\/2023\/01\/AB0005722768_1-edited.jpg 1200w, https:\/\/www.larmoiredebebe.com\/wp-content\/uploads\/2023\/01\/AB0005722768_1-edited-300x225.jpg 300w, https:\/\/www.larmoiredebebe.com\/wp-content\/uploads\/2023\/01\/AB0005722768_1-edited-1024x768.jpg 1024w, https:\/\/www.larmoiredebebe.com\/wp-content\/uploads\/2023\/01\/AB0005722768_1-edited-768x576.jpg 768w, https:\/\/www.larmoiredebebe.com\/wp-content\/uploads\/2023\/01\/AB0005722768_1-edited-416x312.jpg 416w, https:\/\/www.larmoiredebebe.com\/wp-content\/uploads\/2023\/01\/AB0005722768_1-edited-856x642.jpg 856w\" sizes=\"auto, (max-width: 1200px) 100vw, 1200px\" \/><\/a><figcaption class=\"wp-element-caption\"><a href=\"https:\/\/www.larmoiredebebe.com\/fiche\/P201901150107.html\" target=\"_blank\" rel=\"noreferrer noopener\">Chaise haute Mila &#8211; Jan\u00e9<\/a><\/figcaption><\/figure>\n\n\n\n<p>L\u00e9g\u00e8res et confortables, les chaises en plastique ont tout bon. Coussins rembourr\u00e9s, inclinables, faciles \u00e0 ranger, b\u00e9b\u00e9 sera tr\u00e8s bien install\u00e9 sur ce type de mod\u00e8le \u00e9volutif qui le suivra une partie de sa croissance. Certaines tablettes en plastique sont m\u00eame amovibles et passent au lave-vaisselle.&nbsp;<br><br><strong>Avantages<\/strong><\/p>\n\n\n\n<ul class=\"wp-block-list\">\n<li>L\u00e9g\u00e8re<\/li>\n\n\n\n<li>Evolutive<\/li>\n\n\n\n<li>Multifonctions&nbsp;<\/li>\n\n\n\n<li>Au top pour le confort de b\u00e9b\u00e9<\/li>\n\n\n\n<li>Entretient plus facile&nbsp;<\/li>\n\n\n\n<li>Modulable<\/li>\n\n\n\n<li>Prix abordable<\/li>\n<\/ul>\n\n\n\n<p><strong>Inconv\u00e9nients<\/strong><\/p>\n\n\n\n<ul class=\"wp-block-list\">\n<li>Moins design<\/li>\n\n\n\n<li>Plus fragile sur le long terme&nbsp;<\/li>\n<\/ul>\n\n\n\n<h2 id=\"la-chaise-haute-ergonomique-et-evolutive\" class=\"wp-block-heading\">La chaise haute ergonomique et \u00e9volutive<\/h2>\n\n\n\n<figure class=\"wp-block-image size-large\"><a href=\"https:\/\/www.larmoiredebebe.com\/fiche\/P201901150107.html\" target=\"_blank\" rel=\"noreferrer noopener\"><img loading=\"lazy\" decoding=\"async\" width=\"1200\" height=\"900\" src=\"https:\/\/www.larmoiredebebe.com\/wp-content\/uploads\/2023\/01\/AB0005893606_1-edited.jpg\" alt=\"\" class=\"wp-image-4279\" srcset=\"https:\/\/www.larmoiredebebe.com\/wp-content\/uploads\/2023\/01\/AB0005893606_1-edited.jpg 1200w, https:\/\/www.larmoiredebebe.com\/wp-content\/uploads\/2023\/01\/AB0005893606_1-edited-300x225.jpg 300w, https:\/\/www.larmoiredebebe.com\/wp-content\/uploads\/2023\/01\/AB0005893606_1-edited-1024x768.jpg 1024w, https:\/\/www.larmoiredebebe.com\/wp-content\/uploads\/2023\/01\/AB0005893606_1-edited-768x576.jpg 768w, https:\/\/www.larmoiredebebe.com\/wp-content\/uploads\/2023\/01\/AB0005893606_1-edited-416x312.jpg 416w, https:\/\/www.larmoiredebebe.com\/wp-content\/uploads\/2023\/01\/AB0005893606_1-edited-856x642.jpg 856w\" sizes=\"auto, (max-width: 1200px) 100vw, 1200px\" \/><\/a><figcaption class=\"wp-element-caption\"><a href=\"https:\/\/www.larmoiredebebe.com\/fiche\/P201901150107.html\" target=\"_blank\" rel=\"noreferrer noopener\">Chaise haute Tripp trapp &#8211; Stokke<\/a><\/figcaption><\/figure>\n\n\n\n<p>Derniers mod\u00e8les sortis, ces chaises hautes accompagnent votre enfant de 6 mois \u00e0 l&rsquo;adolescence. Hyper modulables et ergonomiques, votre enfant sera bien install\u00e9 \u00e0 tous les stades de sa croissance.<br><br><strong>Avantages<\/strong><\/p>\n\n\n\n<ul class=\"wp-block-list\">\n<li>Ergonomique<\/li>\n\n\n\n<li>Super \u00e9volutive<\/li>\n\n\n\n<li>Design moderne<\/li>\n<\/ul>\n\n\n\n<p><br><strong>Inconv\u00e9nients<\/strong><br><\/p>\n\n\n\n<ul class=\"wp-block-list\">\n<li>Encombrante<\/li>\n\n\n\n<li>S\u00e9dentaire<\/li>\n\n\n\n<li>Poids<\/li>\n\n\n\n<li>Co\u00fbt<\/li>\n<\/ul>\n\n\n\n<p>Marque : <a href=\"https:\/\/www.larmoiredebebe.com\/alimentation\/repas\/chaise-haute\/c7208\/+fb-C000038169.html\" target=\"_blank\" rel=\"noreferrer noopener\">Stokke<\/a>, <a href=\"https:\/\/www.larmoiredebebe.com\/alimentation\/repas\/chaise-haute\/c7208\/+fb-C000036674.html\" target=\"_blank\" rel=\"noreferrer noopener\">Childhome<\/a>, <a href=\"https:\/\/www.larmoiredebebe.com\/alimentation\/repas\/chaise-haute\/c7208\/+fb-C000036611.html\" target=\"_blank\" rel=\"noreferrer noopener\">Nobodinoz<\/a><\/p>\n\n\n\n<h2 id=\"le-rehausseur\" class=\"wp-block-heading\">Le r\u00e9hausseur<\/h2>\n\n\n\n<figure class=\"wp-block-image size-large\"><a href=\"https:\/\/www.larmoiredebebe.com\/fiche\/P202011180092.html\" target=\"_blank\" rel=\"noreferrer noopener\"><img loading=\"lazy\" decoding=\"async\" width=\"1200\" height=\"900\" src=\"https:\/\/www.larmoiredebebe.com\/wp-content\/uploads\/2023\/01\/AB0005796085_1-edited.jpg\" alt=\"\" class=\"wp-image-4281\" srcset=\"https:\/\/www.larmoiredebebe.com\/wp-content\/uploads\/2023\/01\/AB0005796085_1-edited.jpg 1200w, https:\/\/www.larmoiredebebe.com\/wp-content\/uploads\/2023\/01\/AB0005796085_1-edited-300x225.jpg 300w, https:\/\/www.larmoiredebebe.com\/wp-content\/uploads\/2023\/01\/AB0005796085_1-edited-1024x768.jpg 1024w, https:\/\/www.larmoiredebebe.com\/wp-content\/uploads\/2023\/01\/AB0005796085_1-edited-768x576.jpg 768w, https:\/\/www.larmoiredebebe.com\/wp-content\/uploads\/2023\/01\/AB0005796085_1-edited-416x312.jpg 416w, https:\/\/www.larmoiredebebe.com\/wp-content\/uploads\/2023\/01\/AB0005796085_1-edited-856x642.jpg 856w\" sizes=\"auto, (max-width: 1200px) 100vw, 1200px\" \/><\/a><figcaption class=\"wp-element-caption\"><a href=\"https:\/\/www.larmoiredebebe.com\/fiche\/P202011180092.html\" target=\"_blank\" rel=\"noreferrer noopener\">Rehausseur Easyup &#8211; Babytolove<\/a><\/figcaption><\/figure>\n\n\n\n<p>Pratique pour emmener partout avec vous (dans la famille ou chez des amis), le r\u00e9hausseur de chaise est un accessoire qui se pose et s&rsquo;attache \u00e0 une chaise classique. Confortables et l\u00e9gers, ils sont n\u00e9anmoins destin\u00e9s \u00e0 un usage ponctuel.<\/p>\n\n\n\n<div class=\"wp-block-buttons is-layout-flex wp-block-buttons-is-layout-flex\">\n<div class=\"wp-block-button aligncenter\"><a class=\"wp-block-button__link wp-element-button\" href=\"https:\/\/www.larmoiredebebe.com\/alimentation\/repas\/chaise-haute\/c7208\/+fv1551-9145.html\" target=\"_blank\" rel=\"noreferrer noopener\">D\u00e9couvrir nos r\u00e9hausseurs<\/a><\/div>\n<\/div>\n\n\n\n<h2 id=\"le-siege-de-table\" class=\"wp-block-heading\">Le si\u00e8ge de table <\/h2>\n\n\n\n<p>Alternative \u00e0 la chaise haute, le si\u00e8ge accroch\u00e9 \u00e0 la table est id\u00e9al pour les parents qui ont tr\u00e8s peu d&rsquo;espace pour faire manger b\u00e9b\u00e9. Peu encombrant, simple \u00e0 utiliser, compatible avec tous types de table, souvent en tissu \u00e9lastique pouvant \u00e9pouser parfaitement les formes de b\u00e9b\u00e9 (donc confort optimal).C&rsquo;est \u00e9galement un produit transportable. Veillez \u00e0 ce que le support horizontal sur lequel vous le fixez soit suffisamment solide pour \u00eatre capable de supporter le poids de b\u00e9b\u00e9.<br><\/p>\n","protected":false},"excerpt":{"rendered":"Quand votre b\u00e9b\u00e9 commencera \u00e0 se tenir assis (entre 6 et 10 mois) vous pourrez le faire participer&hellip;\n","protected":false},"author":2,"featured_media":4268,"comment_status":"closed","ping_status":"closed","sticky":false,"template":"","format":"standard","meta":{"csco_display_header_overlay":false,"csco_disable_site_padding":false,"csco_singular_sidebar":"","csco_page_header_type":"title","csco_page_load_nextpost":"","csco_post_video_location":[],"csco_post_video_location_hash":"","csco_post_video_url":"","csco_post_video_bg_start_time":0,"csco_post_video_bg_end_time":0,"footnotes":""},"categories":[3],"tags":[],"class_list":{"0":"post-4256","1":"post","2":"type-post","3":"status-publish","4":"format-standard","5":"has-post-thumbnail","7":"category-nos-guides-puericulture","8":"cs-entry","9":"cs-video-wrap"},"yoast_head":"<!-- This site is optimized with the Yoast SEO plugin v26.7 - https:\/\/yoast.com\/wordpress\/plugins\/seo\/ -->\n<title>Quelle chaise haute choisir ? - Blog L&#039;Armoire de B\u00e9b\u00e9<\/title>\n<meta name=\"description\" content=\"En bois, en m\u00e9tal, modulables ou \u00e9volutives, les mod\u00e8les ne manquent pas. Alors comment choisir la chaise haute de b\u00e9b\u00e9 ? Suivez le guide !\" \/>\n<meta name=\"robots\" content=\"index, follow, max-snippet:-1, max-image-preview:large, max-video-preview:-1\" \/>\n<link rel=\"canonical\" href=\"https:\/\/www.larmoiredebebe.com\/blog\/quelle-chaise-haute-choisir\/\" \/>\n<meta property=\"og:locale\" content=\"fr_FR\" \/>\n<meta property=\"og:type\" content=\"article\" \/>\n<meta property=\"og:title\" content=\"Quelle chaise haute choisir ? - Blog L&#039;Armoire de B\u00e9b\u00e9\" \/>\n<meta property=\"og:description\" content=\"En bois, en m\u00e9tal, modulables ou \u00e9volutives, les mod\u00e8les ne manquent pas. Alors comment choisir la chaise haute de b\u00e9b\u00e9 ? Suivez le guide !\" \/>\n<meta property=\"og:url\" content=\"https:\/\/www.larmoiredebebe.com\/blog\/quelle-chaise-haute-choisir\/\" \/>\n<meta property=\"og:site_name\" content=\"Blog L&#039;Armoire de B\u00e9b\u00e9\" \/>\n<meta property=\"article:published_time\" content=\"2023-01-04T10:55:48+00:00\" \/>\n<meta property=\"article:modified_time\" content=\"2025-08-28T08:05:26+00:00\" \/>\n<meta property=\"og:image\" content=\"https:\/\/www.larmoiredebebe.com\/wp-content\/uploads\/2023\/01\/AB0005671172_1-edited.jpg\" \/>\n\t<meta property=\"og:image:width\" content=\"1200\" \/>\n\t<meta property=\"og:image:height\" content=\"900\" \/>\n\t<meta property=\"og:image:type\" content=\"image\/jpeg\" \/>\n<meta name=\"author\" content=\"C\u00e9line\" \/>\n<meta name=\"twitter:card\" content=\"summary_large_image\" \/>\n<script type=\"application\/ld+json\" class=\"yoast-schema-graph\">{\"@context\":\"https:\/\/schema.org\",\"@graph\":[{\"@type\":\"Article\",\"@id\":\"https:\/\/www.larmoiredebebe.com\/blog\/quelle-chaise-haute-choisir\/#article\",\"isPartOf\":{\"@id\":\"https:\/\/www.larmoiredebebe.com\/blog\/quelle-chaise-haute-choisir\/\"},\"author\":{\"name\":\"C\u00e9line\",\"@id\":\"https:\/\/www.larmoiredebebe.com\/blog\/#\/schema\/person\/036ef4500e9d7bd4132cc868aa06389e\"},\"headline\":\"Quelle chaise haute choisir ?\",\"datePublished\":\"2023-01-04T10:55:48+00:00\",\"dateModified\":\"2025-08-28T08:05:26+00:00\",\"mainEntityOfPage\":{\"@id\":\"https:\/\/www.larmoiredebebe.com\/blog\/quelle-chaise-haute-choisir\/\"},\"wordCount\":820,\"image\":{\"@id\":\"https:\/\/www.larmoiredebebe.com\/blog\/quelle-chaise-haute-choisir\/#primaryimage\"},\"thumbnailUrl\":\"https:\/\/www.larmoiredebebe.com\/wp-content\/uploads\/2023\/01\/AB0005671172_1-edited.jpg\",\"articleSection\":[\"Nos super guides\"],\"inLanguage\":\"fr-FR\"},{\"@type\":\"WebPage\",\"@id\":\"https:\/\/www.larmoiredebebe.com\/blog\/quelle-chaise-haute-choisir\/\",\"url\":\"https:\/\/www.larmoiredebebe.com\/blog\/quelle-chaise-haute-choisir\/\",\"name\":\"Quelle chaise haute choisir ? - Blog L&#039;Armoire de B\u00e9b\u00e9\",\"isPartOf\":{\"@id\":\"https:\/\/www.larmoiredebebe.com\/blog\/#website\"},\"primaryImageOfPage\":{\"@id\":\"https:\/\/www.larmoiredebebe.com\/blog\/quelle-chaise-haute-choisir\/#primaryimage\"},\"image\":{\"@id\":\"https:\/\/www.larmoiredebebe.com\/blog\/quelle-chaise-haute-choisir\/#primaryimage\"},\"thumbnailUrl\":\"https:\/\/www.larmoiredebebe.com\/wp-content\/uploads\/2023\/01\/AB0005671172_1-edited.jpg\",\"datePublished\":\"2023-01-04T10:55:48+00:00\",\"dateModified\":\"2025-08-28T08:05:26+00:00\",\"author\":{\"@id\":\"https:\/\/www.larmoiredebebe.com\/blog\/#\/schema\/person\/036ef4500e9d7bd4132cc868aa06389e\"},\"description\":\"En bois, en m\u00e9tal, modulables ou \u00e9volutives, les mod\u00e8les ne manquent pas. Alors comment choisir la chaise haute de b\u00e9b\u00e9 ? Suivez le guide !\",\"breadcrumb\":{\"@id\":\"https:\/\/www.larmoiredebebe.com\/blog\/quelle-chaise-haute-choisir\/#breadcrumb\"},\"inLanguage\":\"fr-FR\",\"potentialAction\":[{\"@type\":\"ReadAction\",\"target\":[\"https:\/\/www.larmoiredebebe.com\/blog\/quelle-chaise-haute-choisir\/\"]}]},{\"@type\":\"ImageObject\",\"inLanguage\":\"fr-FR\",\"@id\":\"https:\/\/www.larmoiredebebe.com\/blog\/quelle-chaise-haute-choisir\/#primaryimage\",\"url\":\"https:\/\/www.larmoiredebebe.com\/wp-content\/uploads\/2023\/01\/AB0005671172_1-edited.jpg\",\"contentUrl\":\"https:\/\/www.larmoiredebebe.com\/wp-content\/uploads\/2023\/01\/AB0005671172_1-edited.jpg\",\"width\":1200,\"height\":900},{\"@type\":\"BreadcrumbList\",\"@id\":\"https:\/\/www.larmoiredebebe.com\/blog\/quelle-chaise-haute-choisir\/#breadcrumb\",\"itemListElement\":[{\"@type\":\"ListItem\",\"position\":1,\"name\":\"Accueil\",\"item\":\"https:\/\/www.larmoiredebebe.com\/blog\/\"},{\"@type\":\"ListItem\",\"position\":2,\"name\":\"Quelle chaise haute choisir ?\"}]},{\"@type\":\"WebSite\",\"@id\":\"https:\/\/www.larmoiredebebe.com\/blog\/#website\",\"url\":\"https:\/\/www.larmoiredebebe.com\/blog\/\",\"name\":\"Blog L&#039;Armoire de B\u00e9b\u00e9\",\"description\":\"\",\"potentialAction\":[{\"@type\":\"SearchAction\",\"target\":{\"@type\":\"EntryPoint\",\"urlTemplate\":\"https:\/\/www.larmoiredebebe.com\/blog\/?s={search_term_string}\"},\"query-input\":{\"@type\":\"PropertyValueSpecification\",\"valueRequired\":true,\"valueName\":\"search_term_string\"}}],\"inLanguage\":\"fr-FR\"},{\"@type\":\"Person\",\"@id\":\"https:\/\/www.larmoiredebebe.com\/blog\/#\/schema\/person\/036ef4500e9d7bd4132cc868aa06389e\",\"name\":\"C\u00e9line\",\"url\":\"https:\/\/www.larmoiredebebe.com\/blog\/author\/c-cavaillero\/\"}]}<\/script>\n<!-- \/ Yoast SEO plugin. -->","yoast_head_json":{"title":"Quelle chaise haute choisir ? - Blog L&#039;Armoire de B\u00e9b\u00e9","description":"En bois, en m\u00e9tal, modulables ou \u00e9volutives, les mod\u00e8les ne manquent pas. Alors comment choisir la chaise haute de b\u00e9b\u00e9 ? Suivez le guide !","robots":{"index":"index","follow":"follow","max-snippet":"max-snippet:-1","max-image-preview":"max-image-preview:large","max-video-preview":"max-video-preview:-1"},"canonical":"https:\/\/www.larmoiredebebe.com\/blog\/quelle-chaise-haute-choisir\/","og_locale":"fr_FR","og_type":"article","og_title":"Quelle chaise haute choisir ? - Blog L&#039;Armoire de B\u00e9b\u00e9","og_description":"En bois, en m\u00e9tal, modulables ou \u00e9volutives, les mod\u00e8les ne manquent pas. Alors comment choisir la chaise haute de b\u00e9b\u00e9 ? Suivez le guide !","og_url":"https:\/\/www.larmoiredebebe.com\/blog\/quelle-chaise-haute-choisir\/","og_site_name":"Blog L&#039;Armoire de B\u00e9b\u00e9","article_published_time":"2023-01-04T10:55:48+00:00","article_modified_time":"2025-08-28T08:05:26+00:00","og_image":[{"width":1200,"height":900,"url":"https:\/\/www.larmoiredebebe.com\/wp-content\/uploads\/2023\/01\/AB0005671172_1-edited.jpg","type":"image\/jpeg"}],"author":"C\u00e9line","twitter_card":"summary_large_image","schema":{"@context":"https:\/\/schema.org","@graph":[{"@type":"Article","@id":"https:\/\/www.larmoiredebebe.com\/blog\/quelle-chaise-haute-choisir\/#article","isPartOf":{"@id":"https:\/\/www.larmoiredebebe.com\/blog\/quelle-chaise-haute-choisir\/"},"author":{"name":"C\u00e9line","@id":"https:\/\/www.larmoiredebebe.com\/blog\/#\/schema\/person\/036ef4500e9d7bd4132cc868aa06389e"},"headline":"Quelle chaise haute choisir ?","datePublished":"2023-01-04T10:55:48+00:00","dateModified":"2025-08-28T08:05:26+00:00","mainEntityOfPage":{"@id":"https:\/\/www.larmoiredebebe.com\/blog\/quelle-chaise-haute-choisir\/"},"wordCount":820,"image":{"@id":"https:\/\/www.larmoiredebebe.com\/blog\/quelle-chaise-haute-choisir\/#primaryimage"},"thumbnailUrl":"https:\/\/www.larmoiredebebe.com\/wp-content\/uploads\/2023\/01\/AB0005671172_1-edited.jpg","articleSection":["Nos super guides"],"inLanguage":"fr-FR"},{"@type":"WebPage","@id":"https:\/\/www.larmoiredebebe.com\/blog\/quelle-chaise-haute-choisir\/","url":"https:\/\/www.larmoiredebebe.com\/blog\/quelle-chaise-haute-choisir\/","name":"Quelle chaise haute choisir ? - Blog L&#039;Armoire de B\u00e9b\u00e9","isPartOf":{"@id":"https:\/\/www.larmoiredebebe.com\/blog\/#website"},"primaryImageOfPage":{"@id":"https:\/\/www.larmoiredebebe.com\/blog\/quelle-chaise-haute-choisir\/#primaryimage"},"image":{"@id":"https:\/\/www.larmoiredebebe.com\/blog\/quelle-chaise-haute-choisir\/#primaryimage"},"thumbnailUrl":"https:\/\/www.larmoiredebebe.com\/wp-content\/uploads\/2023\/01\/AB0005671172_1-edited.jpg","datePublished":"2023-01-04T10:55:48+00:00","dateModified":"2025-08-28T08:05:26+00:00","author":{"@id":"https:\/\/www.larmoiredebebe.com\/blog\/#\/schema\/person\/036ef4500e9d7bd4132cc868aa06389e"},"description":"En bois, en m\u00e9tal, modulables ou \u00e9volutives, les mod\u00e8les ne manquent pas. Alors comment choisir la chaise haute de b\u00e9b\u00e9 ? Suivez le guide !","breadcrumb":{"@id":"https:\/\/www.larmoiredebebe.com\/blog\/quelle-chaise-haute-choisir\/#breadcrumb"},"inLanguage":"fr-FR","potentialAction":[{"@type":"ReadAction","target":["https:\/\/www.larmoiredebebe.com\/blog\/quelle-chaise-haute-choisir\/"]}]},{"@type":"ImageObject","inLanguage":"fr-FR","@id":"https:\/\/www.larmoiredebebe.com\/blog\/quelle-chaise-haute-choisir\/#primaryimage","url":"https:\/\/www.larmoiredebebe.com\/wp-content\/uploads\/2023\/01\/AB0005671172_1-edited.jpg","contentUrl":"https:\/\/www.larmoiredebebe.com\/wp-content\/uploads\/2023\/01\/AB0005671172_1-edited.jpg","width":1200,"height":900},{"@type":"BreadcrumbList","@id":"https:\/\/www.larmoiredebebe.com\/blog\/quelle-chaise-haute-choisir\/#breadcrumb","itemListElement":[{"@type":"ListItem","position":1,"name":"Accueil","item":"https:\/\/www.larmoiredebebe.com\/blog\/"},{"@type":"ListItem","position":2,"name":"Quelle chaise haute choisir ?"}]},{"@type":"WebSite","@id":"https:\/\/www.larmoiredebebe.com\/blog\/#website","url":"https:\/\/www.larmoiredebebe.com\/blog\/","name":"Blog L&#039;Armoire de B\u00e9b\u00e9","description":"","potentialAction":[{"@type":"SearchAction","target":{"@type":"EntryPoint","urlTemplate":"https:\/\/www.larmoiredebebe.com\/blog\/?s={search_term_string}"},"query-input":{"@type":"PropertyValueSpecification","valueRequired":true,"valueName":"search_term_string"}}],"inLanguage":"fr-FR"},{"@type":"Person","@id":"https:\/\/www.larmoiredebebe.com\/blog\/#\/schema\/person\/036ef4500e9d7bd4132cc868aa06389e","name":"C\u00e9line","url":"https:\/\/www.larmoiredebebe.com\/blog\/author\/c-cavaillero\/"}]}},"_links":{"self":[{"href":"https:\/\/www.larmoiredebebe.com\/blog\/wp-json\/wp\/v2\/posts\/4256","targetHints":{"allow":["GET"]}}],"collection":[{"href":"https:\/\/www.larmoiredebebe.com\/blog\/wp-json\/wp\/v2\/posts"}],"about":[{"href":"https:\/\/www.larmoiredebebe.com\/blog\/wp-json\/wp\/v2\/types\/post"}],"author":[{"embeddable":true,"href":"https:\/\/www.larmoiredebebe.com\/blog\/wp-json\/wp\/v2\/users\/2"}],"replies":[{"embeddable":true,"href":"https:\/\/www.larmoiredebebe.com\/blog\/wp-json\/wp\/v2\/comments?post=4256"}],"version-history":[{"count":14,"href":"https:\/\/www.larmoiredebebe.com\/blog\/wp-json\/wp\/v2\/posts\/4256\/revisions"}],"predecessor-version":[{"id":6176,"href":"https:\/\/www.larmoiredebebe.com\/blog\/wp-json\/wp\/v2\/posts\/4256\/revisions\/6176"}],"wp:featuredmedia":[{"embeddable":true,"href":"https:\/\/www.larmoiredebebe.com\/blog\/wp-json\/wp\/v2\/media\/4268"}],"wp:attachment":[{"href":"https:\/\/www.larmoiredebebe.com\/blog\/wp-json\/wp\/v2\/media?parent=4256"}],"wp:term":[{"taxonomy":"category","embeddable":true,"href":"https:\/\/www.larmoiredebebe.com\/blog\/wp-json\/wp\/v2\/categories?post=4256"},{"taxonomy":"post_tag","embeddable":true,"href":"https:\/\/www.larmoiredebebe.com\/blog\/wp-json\/wp\/v2\/tags?post=4256"}],"curies":[{"name":"wp","href":"https:\/\/api.w.org\/{rel}","templated":true}]}}